{"id":374,"date":"2023-12-21T17:59:27","date_gmt":"2023-12-21T16:59:27","guid":{"rendered":"https:\/\/www.beauty-tech.fr\/blog\/?p=374"},"modified":"2023-12-22T09:05:57","modified_gmt":"2023-12-22T08:05:57","slug":"tout-savoir-photorajeunissement","status":"publish","type":"post","link":"https:\/\/www.beauty-tech.fr\/blog\/tout-savoir-photorajeunissement\/","title":{"rendered":"Tout savoir sur le photorajeunissement"},"content":{"rendered":"<div id=\"wppb-builder-container\" class=\"wppb-builder-container\">                <div  class=\"wppb-row-parent  wppb-row-1699024474727 \"  >\n\t\t\t\t\t\n\t\t\t\t\t\t\t\t\t\t\n\t\t\t\t\t\t\t\t\t\t\n\t\t\t\t\t<div class=\"wppb-container \">\n\t\t\t\t\t\t\t\t\t\t\t\t\t\n                        <div class=\"wppb-row\">\n\t\t\t\t\t\t\t                                    <div  class=\"wppb-column-parent wppb-column-parent-view wppb-col-1699024474728  \"  >\n                                        <div class=\"wppb-column\">\n\t\t\t\t\t\n\t\t\t\t\t\t\t\t\t\t\t\n                                            <div class=\"wppb-builder-addons\">\n\t\t\t\t\t\t\t\t\t\t\t\t<div class='wppb-builder-addon wppb-addon-1699024474729 title-bgrose'  data-addon-id='1699024474729'><div class='wppb-addon'><div class=\"wppb-headline-addon\"><div class=\"wppb-headline-content\"><h2 class=\"wppb-addon-title\">Qu\u2019est-ce que le photorajeunissement ?\n<\/h2><\/div><\/div><\/div><\/div>                                            <\/div>\n                                        <\/div>\n                                    <\/div>\n\t\t\t\t\t\t\t\t\t                        <\/div>\n\n                    <\/div>\n                <\/div>\n\t\t\t\t                <div  class=\"wppb-row-parent  wppb-row-1699024474730 \"  >\n\t\t\t\t\t\n\t\t\t\t\t\t\t\t\t\t\n\t\t\t\t\t\t\t\t\t\t\n\t\t\t\t\t<div class=\"wppb-container \">\n\t\t\t\t\t\t\t\t\t\t\t\t\t\n                        <div class=\"wppb-row\">\n\t\t\t\t\t\t\t                                    <div  class=\"wppb-column-parent wppb-column-parent-view wppb-col-1699024474731  \"  >\n                                        <div class=\"wppb-column\">\n\t\t\t\t\t\n\t\t\t\t\t\t\t\t\t\t\t\n                                            <div class=\"wppb-builder-addons\">\n\t\t\t\t\t\t\t\t\t\t\t\t<div class='wppb-builder-addon wppb-addon-1699024474732'  data-addon-id='1699024474732'><div class='wppb-addon'><div class=\"wppb-text-block-addon\"><div class=\"wppb-text-block-content 0\"><p>Le photorajeunissement est un traitement utilis\u00e9 en m\u00e9decine esth\u00e9tique dans le but d\u2019<strong>am\u00e9liorer l\u2019\u00e9lasticit\u00e9 et la texture de la peau<\/strong>. V\u00e9ritable\u00a0<strong>soin anti-\u00e2ge<\/strong>, on vous explique ici comment fonctionne le photorajeunissement : il s\u2019agit d\u2019une\u00a0<strong>technique non invasive<\/strong>\u00a0qui passe par l\u2019absorption d\u2019un rayonnement lumineux. Celui-ci est ensuite transform\u00e9 en chaleur et cible des tissus bien sp\u00e9cifiques de la peau. Les pigments (ou chromophores) situ\u00e9s dans ces diff\u00e9rents tissus absorbent le spectre de longueurs d\u2019ondes \u00e9mises par le\u00a0<a href=\"https:\/\/www.beauty-tech.fr\/blog\/lumiere-pulsee-ou-laser\/\">laser ou la lumi\u00e8re puls\u00e9e<\/a>. L\u2019eau du corps capte aussi ce rayonnement pour une conversion de chaleur. Cette p\u00e9n\u00e9tration s\u2019effectue au niveau du collag\u00e8ne naturel, de l\u2019eau intradermique et des l\u00e9sions pigmentaires. Le photorajeunissement vise \u00e0 r\u00e9duire les signes du vieillissement et donne ainsi l\u2019occasion de retrouver une peau lumineuse.<\/p><\/div><\/div><\/div><\/div>                                            <\/div>\n                                        <\/div>\n                                    <\/div>\n\t\t\t\t\t\t\t\t\t                        <\/div>\n\n                    <\/div>\n                <\/div>\n\t\t\t\t                <div  class=\"wppb-row-parent  wppb-row-1699024474733 \"  >\n\t\t\t\t\t\n\t\t\t\t\t\t\t\t\t\t\n\t\t\t\t\t\t\t\t\t\t\n\t\t\t\t\t<div class=\"wppb-container \">\n\t\t\t\t\t\t\t\t\t\t\t\t\t\n                        <div class=\"wppb-row\">\n\t\t\t\t\t\t\t                                    <div  class=\"wppb-column-parent wppb-column-parent-view wppb-col-1699024474734  \"  >\n                                        <div class=\"wppb-column\">\n\t\t\t\t\t\n\t\t\t\t\t\t\t\t\t\t\t\n                                            <div class=\"wppb-builder-addons\">\n\t\t\t\t\t\t\t\t\t\t\t\t<div class='wppb-builder-addon wppb-addon-1699024474735 title-bgrose'  data-addon-id='1699024474735'><div class='wppb-addon'><div class=\"wppb-headline-addon\"><div class=\"wppb-headline-content\"><h2 class=\"wppb-addon-title\">\u00c0 qui s\u2019adresse le photorajeunissement ?\n<\/h2><\/div><\/div><\/div><\/div>                                            <\/div>\n                                        <\/div>\n                                    <\/div>\n\t\t\t\t\t\t\t\t\t                        <\/div>\n\n                    <\/div>\n                <\/div>\n\t\t\t\t                <div  class=\"wppb-row-parent  wppb-row-1699024474736 \"  >\n\t\t\t\t\t\n\t\t\t\t\t\t\t\t\t\t\n\t\t\t\t\t\t\t\t\t\t\n\t\t\t\t\t<div class=\"wppb-container \">\n\t\t\t\t\t\t\t\t\t\t\t\t\t\n                        <div class=\"wppb-row\">\n\t\t\t\t\t\t\t                                    <div  class=\"wppb-column-parent wppb-column-parent-view wppb-col-1699024474737  \"  >\n                                        <div class=\"wppb-column\">\n\t\t\t\t\t\n\t\t\t\t\t\t\t\t\t\t\t\n                                            <div class=\"wppb-builder-addons\">\n\t\t\t\t\t\t\t\t\t\t\t\t<div class='wppb-builder-addon wppb-addon-1699024474738'  data-addon-id='1699024474738'><div class='wppb-addon'><div class=\"wppb-text-block-addon\"><div class=\"wppb-text-block-content 0\"><p>Le photorajeunissement s\u2019adresse aux\u00a0<strong>peaux matures<\/strong>\u00a0et aux personnes qui pr\u00e9sentent des\u00a0<strong>signes de rel\u00e2chement et de vieillissement cutan\u00e9<\/strong>. L\u2019id\u00e9al est de commencer le traitement entre 35 et 40 ans d\u00e8s que les premi\u00e8res taches et ridules apparaissent. La\u00a0<a href=\"https:\/\/www.beauty-tech.fr\/marques\/ariane-8\">lumi\u00e8re puls\u00e9e<\/a>\u00a0(IPL) et le laser diode offrent la possibilit\u00e9 de traiter les phototypes 1 \u00e0 4. Par contre, le photorajeunissement n\u2019est pas indiqu\u00e9 pour les peaux bronz\u00e9es et noires.<\/p><\/div><\/div><\/div><\/div>                                            <\/div>\n                                        <\/div>\n                                    <\/div>\n\t\t\t\t\t\t\t\t\t                        <\/div>\n\n                    <\/div>\n                <\/div>\n\t\t\t\t                <div  class=\"wppb-row-parent  wppb-row-1699024474739 \"  >\n\t\t\t\t\t\n\t\t\t\t\t\t\t\t\t\t\n\t\t\t\t\t\t\t\t\t\t\n\t\t\t\t\t<div class=\"wppb-container \">\n\t\t\t\t\t\t\t\t\t\t\t\t\t\n                        <div class=\"wppb-row\">\n\t\t\t\t\t\t\t                                    <div  class=\"wppb-column-parent wppb-column-parent-view wppb-col-1699024474740  \"  >\n                                        <div class=\"wppb-column\">\n\t\t\t\t\t\n\t\t\t\t\t\t\t\t\t\t\t\n                                            <div class=\"wppb-builder-addons\">\n\t\t\t\t\t\t\t\t\t\t\t\t<div class='wppb-builder-addon wppb-addon-1699024474741 title-bgrose'  data-addon-id='1699024474741'><div class='wppb-addon'><div class=\"wppb-headline-addon\"><div class=\"wppb-headline-content\"><h2 class=\"wppb-addon-title\">Quels sont les avantages et inconv\u00e9nients du photorajeunissement ?\n<\/h2><\/div><\/div><\/div><\/div>                                            <\/div>\n                                        <\/div>\n                                    <\/div>\n\t\t\t\t\t\t\t\t\t                        <\/div>\n\n                    <\/div>\n                <\/div>\n\t\t\t\t                <div  class=\"wppb-row-parent  wppb-row-1699024474742 \"  >\n\t\t\t\t\t\n\t\t\t\t\t\t\t\t\t\t\n\t\t\t\t\t\t\t\t\t\t\n\t\t\t\t\t<div class=\"wppb-container \">\n\t\t\t\t\t\t\t\t\t\t\t\t\t\n                        <div class=\"wppb-row\">\n\t\t\t\t\t\t\t                                    <div  class=\"wppb-column-parent wppb-column-parent-view wppb-col-1699024474743  \"  >\n                                        <div class=\"wppb-column\">\n\t\t\t\t\t\n\t\t\t\t\t\t\t\t\t\t\t\n                                            <div class=\"wppb-builder-addons\">\n\t\t\t\t\t\t\t\t\t\t\t\t<div class='wppb-builder-addon wppb-addon-1699024474744 title-product'  data-addon-id='1699024474744'><div class='wppb-addon'><div class=\"wppb-headline-addon\"><div class=\"wppb-headline-content\"><h3 class=\"wppb-addon-title\">Les avantages du photorajeunissement\n<\/h3><\/div><\/div><\/div><\/div>                                            <\/div>\n                                        <\/div>\n                                    <\/div>\n\t\t\t\t\t\t\t\t\t                        <\/div>\n\n                    <\/div>\n                <\/div>\n\t\t\t\t                <div  class=\"wppb-row-parent  wppb-row-1699024474748 \"  >\n\t\t\t\t\t\n\t\t\t\t\t\t\t\t\t\t\n\t\t\t\t\t\t\t\t\t\t\n\t\t\t\t\t<div class=\"wppb-container \">\n\t\t\t\t\t\t\t\t\t\t\t\t\t\n                        <div class=\"wppb-row\">\n\t\t\t\t\t\t\t                                    <div  class=\"wppb-column-parent wppb-column-parent-view wppb-col-1699024474749  \"  >\n                                        <div class=\"wppb-column\">\n\t\t\t\t\t\n\t\t\t\t\t\t\t\t\t\t\t\n                                            <div class=\"wppb-builder-addons\">\n\t\t\t\t\t\t\t\t\t\t\t\t<div class='wppb-builder-addon wppb-addon-1699024474750'  data-addon-id='1699024474750'><div class='wppb-addon'><div class=\"wppb-text-block-addon\"><div class=\"wppb-text-block-content 0\"><p>Le photorajeunissement\u00a0<strong>stimule la production du collag\u00e8ne et de l\u2019acide hyaluronique<\/strong>, ce qui conduit la peau \u00e0 r\u00e9cup\u00e9rer toute sa tonicit\u00e9. Cette prestation, qui ne rel\u00e8ve pas de la chirurgie esth\u00e9tique, n'impose pas d\u2019\u00e9viction sociale. Par cons\u00e9quent, le patient peut reprendre le cours de ses activit\u00e9s apr\u00e8s sa s\u00e9ance.<\/p><\/div><\/div><\/div><\/div>                                            <\/div>\n                                        <\/div>\n                                    <\/div>\n\t\t\t\t\t\t\t\t\t                        <\/div>\n\n                    <\/div>\n                <\/div>\n\t\t\t\t                <div  class=\"wppb-row-parent  wppb-row-1699024474745 \"  >\n\t\t\t\t\t\n\t\t\t\t\t\t\t\t\t\t\n\t\t\t\t\t\t\t\t\t\t\n\t\t\t\t\t<div class=\"wppb-container \">\n\t\t\t\t\t\t\t\t\t\t\t\t\t\n                        <div class=\"wppb-row\">\n\t\t\t\t\t\t\t                                    <div  class=\"wppb-column-parent wppb-column-parent-view wppb-col-1699024474746  \"  >\n                                        <div class=\"wppb-column\">\n\t\t\t\t\t\n\t\t\t\t\t\t\t\t\t\t\t\n                                            <div class=\"wppb-builder-addons\">\n\t\t\t\t\t\t\t\t\t\t\t\t<div class='wppb-builder-addon wppb-addon-1699024474747 title-product'  data-addon-id='1699024474747'><div class='wppb-addon'><div class=\"wppb-headline-addon\"><div class=\"wppb-headline-content\"><h3 class=\"wppb-addon-title\">Les inconv\u00e9nients du photorajeunissement\n<\/h3><\/div><\/div><\/div><\/div>                                            <\/div>\n                                        <\/div>\n                                    <\/div>\n\t\t\t\t\t\t\t\t\t                        <\/div>\n\n                    <\/div>\n                <\/div>\n\t\t\t\t                <div  class=\"wppb-row-parent  wppb-row-1699024474751 \"  >\n\t\t\t\t\t\n\t\t\t\t\t\t\t\t\t\t\n\t\t\t\t\t\t\t\t\t\t\n\t\t\t\t\t<div class=\"wppb-container \">\n\t\t\t\t\t\t\t\t\t\t\t\t\t\n                        <div class=\"wppb-row\">\n\t\t\t\t\t\t\t                                    <div  class=\"wppb-column-parent wppb-column-parent-view wppb-col-1699024474752  \"  >\n                                        <div class=\"wppb-column\">\n\t\t\t\t\t\n\t\t\t\t\t\t\t\t\t\t\t\n                                            <div class=\"wppb-builder-addons\">\n\t\t\t\t\t\t\t\t\t\t\t\t<div class='wppb-builder-addon wppb-addon-1699024474753'  data-addon-id='1699024474753'><div class='wppb-addon'><div class=\"wppb-text-block-addon\"><div class=\"wppb-text-block-content 0\"><p>Le photorajeunissement pr\u00e9sente\u00a0<strong>peu d\u2019inconv\u00e9nients ou de risques majeurs<\/strong>. Nous vous conseillons cependant de faire effectuer vos soins par un praticien exp\u00e9riment\u00e9 et qualifi\u00e9.<\/p><\/div><\/div><\/div><\/div>                                            <\/div>\n                                        <\/div>\n                                    <\/div>\n\t\t\t\t\t\t\t\t\t                        <\/div>\n\n                    <\/div>\n                <\/div>\n\t\t\t\t                <div  class=\"wppb-row-parent  wppb-row-1699024474754 \"  >\n\t\t\t\t\t\n\t\t\t\t\t\t\t\t\t\t\n\t\t\t\t\t\t\t\t\t\t\n\t\t\t\t\t<div class=\"wppb-container \">\n\t\t\t\t\t\t\t\t\t\t\t\t\t\n                        <div class=\"wppb-row\">\n\t\t\t\t\t\t\t                                    <div  class=\"wppb-column-parent wppb-column-parent-view wppb-col-1699024474755  \"  >\n                                        <div class=\"wppb-column\">\n\t\t\t\t\t\n\t\t\t\t\t\t\t\t\t\t\t\n                                            <div class=\"wppb-builder-addons\">\n\t\t\t\t\t\t\t\t\t\t\t\t<div class='wppb-builder-addon wppb-addon-1699024474756 title-bgrose'  data-addon-id='1699024474756'><div class='wppb-addon'><div class=\"wppb-headline-addon\"><div class=\"wppb-headline-content\"><h2 class=\"wppb-addon-title\">Le photorajeunissement : des effets secondaires potentiels ?\n<\/h2><\/div><\/div><\/div><\/div>                                            <\/div>\n                                        <\/div>\n                                    <\/div>\n\t\t\t\t\t\t\t\t\t                        <\/div>\n\n                    <\/div>\n                <\/div>\n\t\t\t\t                <div  class=\"wppb-row-parent  wppb-row-1699024474757 \"  >\n\t\t\t\t\t\n\t\t\t\t\t\t\t\t\t\t\n\t\t\t\t\t\t\t\t\t\t\n\t\t\t\t\t<div class=\"wppb-container \">\n\t\t\t\t\t\t\t\t\t\t\t\t\t\n                        <div class=\"wppb-row\">\n\t\t\t\t\t\t\t                                    <div  class=\"wppb-column-parent wppb-column-parent-view wppb-col-1699024474758  \"  >\n                                        <div class=\"wppb-column\">\n\t\t\t\t\t\n\t\t\t\t\t\t\t\t\t\t\t\n                                            <div class=\"wppb-builder-addons\">\n\t\t\t\t\t\t\t\t\t\t\t\t<div class='wppb-builder-addon wppb-addon-1699024474759'  data-addon-id='1699024474759'><div class='wppb-addon'><div class=\"wppb-text-block-addon\"><div class=\"wppb-text-block-content 0\"><p>G\u00e9n\u00e9ralement, les\u00a0<strong>effets secondaires sont assez rares<\/strong>, mais s\u2019ils surviennent, ils restent \u00e9ph\u00e9m\u00e8res. \u00c0 la fin du soin, des rougeurs, voire un l\u00e9ger \u0153d\u00e8me, peuvent survenir sur la peau pendant quelques minutes \u00e0 quelques heures. Par ailleurs, les taches pigmentaires vont foncer durant quelques jours apr\u00e8s le traitement, pour finalement dispara\u00eetre int\u00e9gralement.<\/p><\/div><\/div><\/div><\/div>                                            <\/div>\n                                        <\/div>\n                                    <\/div>\n\t\t\t\t\t\t\t\t\t                        <\/div>\n\n                    <\/div>\n                <\/div>\n\t\t\t\t                <div  class=\"wppb-row-parent  wppb-row-1699024474760 \"  >\n\t\t\t\t\t\n\t\t\t\t\t\t\t\t\t\t\n\t\t\t\t\t\t\t\t\t\t\n\t\t\t\t\t<div class=\"wppb-container \">\n\t\t\t\t\t\t\t\t\t\t\t\t\t\n                        <div class=\"wppb-row\">\n\t\t\t\t\t\t\t                                    <div  class=\"wppb-column-parent wppb-column-parent-view wppb-col-1699024474761  \"  >\n                                        <div class=\"wppb-column\">\n\t\t\t\t\t\n\t\t\t\t\t\t\t\t\t\t\t\n                                            <div class=\"wppb-builder-addons\">\n\t\t\t\t\t\t\t\t\t\t\t\t<div class='wppb-builder-addon wppb-addon-1699024474762 title-bgrose'  data-addon-id='1699024474762'><div class='wppb-addon'><div class=\"wppb-headline-addon\"><div class=\"wppb-headline-content\"><h2 class=\"wppb-addon-title\">Quelles zones peut-on traiter avec le photorajeunissement ?\n<\/h2><\/div><\/div><\/div><\/div>                                            <\/div>\n                                        <\/div>\n                                    <\/div>\n\t\t\t\t\t\t\t\t\t                        <\/div>\n\n                    <\/div>\n                <\/div>\n\t\t\t\t                <div  class=\"wppb-row-parent  wppb-row-1699024474763 \"  >\n\t\t\t\t\t\n\t\t\t\t\t\t\t\t\t\t\n\t\t\t\t\t\t\t\t\t\t\n\t\t\t\t\t<div class=\"wppb-container \">\n\t\t\t\t\t\t\t\t\t\t\t\t\t\n                        <div class=\"wppb-row\">\n\t\t\t\t\t\t\t                                    <div  class=\"wppb-column-parent wppb-column-parent-view wppb-col-1699024474764  \"  >\n                                        <div class=\"wppb-column\">\n\t\t\t\t\t\n\t\t\t\t\t\t\t\t\t\t\t\n                                            <div class=\"wppb-builder-addons\">\n\t\t\t\t\t\t\t\t\t\t\t\t<div class='wppb-builder-addon wppb-addon-1699024474765'  data-addon-id='1699024474765'><div class='wppb-addon'><div class=\"wppb-text-block-addon\"><div class=\"wppb-text-block-content 0\"><p>Vous pouvez traiter les zones du\u00a0<strong>visage et du corps, du cou, du d\u00e9collet\u00e9 ainsi que les mains<\/strong>. Cette m\u00e9thode est particuli\u00e8rement indiqu\u00e9e pour :<\/p><ul><li>lisser la peau et att\u00e9nuer les effets de l\u2019\u00e2ge (rides et ridules) ;<\/li><li>unifier le teint ;<\/li><li>resserrer les pores dilat\u00e9s ;<\/li><li>r\u00e9duire les imperfections et les taches pigmentaires dues au soleil ;<\/li><li>supprimer les vaisseaux capillaires dilat\u00e9s ;<\/li><li>raffermir et pr\u00e9venir le rel\u00e2chement de la peau ;<\/li><li>traiter la couperose, l\u2019\u00e9rythrose et les taches brunes.<\/li><\/ul><\/div><\/div><\/div><\/div>                                            <\/div>\n                                        <\/div>\n                                    <\/div>\n\t\t\t\t\t\t\t\t\t                        <\/div>\n\n                    <\/div>\n                <\/div>\n\t\t\t\t                <div  class=\"wppb-row-parent  wppb-row-1699024474766 \"  >\n\t\t\t\t\t\n\t\t\t\t\t\t\t\t\t\t\n\t\t\t\t\t\t\t\t\t\t\n\t\t\t\t\t<div class=\"wppb-container \">\n\t\t\t\t\t\t\t\t\t\t\t\t\t\n                        <div class=\"wppb-row\">\n\t\t\t\t\t\t\t                                    <div  class=\"wppb-column-parent wppb-column-parent-view wppb-col-1699024474767  \"  >\n                                        <div class=\"wppb-column\">\n\t\t\t\t\t\n\t\t\t\t\t\t\t\t\t\t\t\n                                            <div class=\"wppb-builder-addons\">\n\t\t\t\t\t\t\t\t\t\t\t\t<div class='wppb-builder-addon wppb-addon-1699024474768 title-bgrose'  data-addon-id='1699024474768'><div class='wppb-addon'><div class=\"wppb-headline-addon\"><div class=\"wppb-headline-content\"><h2 class=\"wppb-addon-title\">Quelles sont les technologies utilis\u00e9es pour le photorajeunissement ?\n<\/h2><\/div><\/div><\/div><\/div>                                            <\/div>\n                                        <\/div>\n                                    <\/div>\n\t\t\t\t\t\t\t\t\t                        <\/div>\n\n                    <\/div>\n                <\/div>\n\t\t\t\t                <div  class=\"wppb-row-parent  wppb-row-1699024474868 \"  >\n\t\t\t\t\t\n\t\t\t\t\t\t\t\t\t\t\n\t\t\t\t\t\t\t\t\t\t\n\t\t\t\t\t<div class=\"wppb-container \">\n\t\t\t\t\t\t\t\t\t\t\t\t\t\n                        <div class=\"wppb-row\">\n\t\t\t\t\t\t\t                                    <div  class=\"wppb-column-parent wppb-column-parent-view wppb-col-1699024474869  \"  >\n                                        <div class=\"wppb-column\">\n\t\t\t\t\t\n\t\t\t\t\t\t\t\t\t\t\t\n                                            <div class=\"wppb-builder-addons\">\n\t\t\t\t\t\t\t\t\t\t\t\t<div class='wppb-builder-addon wppb-addon-1699024474870 title-product'  data-addon-id='1699024474870'><div class='wppb-addon'><div class=\"wppb-headline-addon\"><div class=\"wppb-headline-content\"><h3 class=\"wppb-addon-title\">La technologie laser : des \u00e9quipements m\u00e9dicaux au service du photorajeunissement\n<\/h3><\/div><\/div><\/div><\/div>                                            <\/div>\n                                        <\/div>\n                                    <\/div>\n\t\t\t\t\t\t\t\t\t                        <\/div>\n\n                    <\/div>\n                <\/div>\n\t\t\t\t                <div  class=\"wppb-row-parent  wppb-row-1699024474769 \"  >\n\t\t\t\t\t\n\t\t\t\t\t\t\t\t\t\t\n\t\t\t\t\t\t\t\t\t\t\n\t\t\t\t\t<div class=\"wppb-container \">\n\t\t\t\t\t\t\t\t\t\t\t\t\t\n                        <div class=\"wppb-row\">\n\t\t\t\t\t\t\t                                    <div  class=\"wppb-column-parent wppb-column-parent-view wppb-col-1699024474770  \"  >\n                                        <div class=\"wppb-column\">\n\t\t\t\t\t\n\t\t\t\t\t\t\t\t\t\t\t\n                                            <div class=\"wppb-builder-addons\">\n\t\t\t\t\t\t\t\t\t\t\t\t<div class='wppb-builder-addon wppb-addon-1699024474771'  data-addon-id='1699024474771'><div class='wppb-addon'><div class=\"wppb-text-block-addon\"><div class=\"wppb-text-block-content 0\"><p>Les\u00a0<a href=\"https:\/\/www.beauty-tech.fr\/epilation-definitive-laser-416\">machines lasers<\/a>\u00a0permettent d\u2019effectuer des prestations vari\u00e9es : \u00e9pilation permanente, traitement des cicatrices d\u2019acn\u00e9, traitements vasculaires et photorajeunissement. Le laser diode haute puissance (classe 4) contribue \u00e0 obtenir des r\u00e9sultats efficaces en quelques s\u00e9ances seulement.<\/p><\/div><\/div><\/div><\/div>                                            <\/div>\n                                        <\/div>\n                                    <\/div>\n\t\t\t\t\t\t\t\t\t                        <\/div>\n\n                    <\/div>\n                <\/div>\n\t\t\t\t                <div  class=\"wppb-row-parent  wppb-row-1699024474889 \"  >\n\t\t\t\t\t\n\t\t\t\t\t\t\t\t\t\t\n\t\t\t\t\t\t\t\t\t\t\n\t\t\t\t\t<div class=\"wppb-container \">\n\t\t\t\t\t\t\t\t\t\t\t\t\t\n                        <div class=\"wppb-row\">\n\t\t\t\t\t\t\t                                    <div  class=\"wppb-column-parent wppb-column-parent-view wppb-col-1699024474890  \"  >\n                                        <div class=\"wppb-column\">\n\t\t\t\t\t\n\t\t\t\t\t\t\t\t\t\t\t\n                                            <div class=\"wppb-builder-addons\">\n\t\t\t\t\t\t\t\t\t\t\t\t<div class='wppb-builder-addon wppb-addon-1699024474891 title-product'  data-addon-id='1699024474891'><div class='wppb-addon'><div class=\"wppb-headline-addon\"><div class=\"wppb-headline-content\"><h3 class=\"wppb-addon-title\">L\u2019accompagnement des professionnels de l\u2019esth\u00e9tique \u00e0 la pratique du photorajeunissement par lumi\u00e8re puls\u00e9e\n<\/h3><\/div><\/div><\/div><\/div>                                            <\/div>\n                                        <\/div>\n                                    <\/div>\n\t\t\t\t\t\t\t\t\t                        <\/div>\n\n                    <\/div>\n                <\/div>\n\t\t\t\t                <div  class=\"wppb-row-parent  wppb-row-1699024474892 \"  >\n\t\t\t\t\t\n\t\t\t\t\t\t\t\t\t\t\n\t\t\t\t\t\t\t\t\t\t\n\t\t\t\t\t<div class=\"wppb-container \">\n\t\t\t\t\t\t\t\t\t\t\t\t\t\n                        <div class=\"wppb-row\">\n\t\t\t\t\t\t\t                                    <div  class=\"wppb-column-parent wppb-column-parent-view wppb-col-1699024474893  \"  >\n                                        <div class=\"wppb-column\">\n\t\t\t\t\t\n\t\t\t\t\t\t\t\t\t\t\t\n                                            <div class=\"wppb-builder-addons\">\n\t\t\t\t\t\t\t\t\t\t\t\t<div class='wppb-builder-addon wppb-addon-1699024474894'  data-addon-id='1699024474894'><div class='wppb-addon'><div class=\"wppb-text-block-addon\"><div class=\"wppb-text-block-content 0\"><p>\u00c0 l'instar du laser, la lumi\u00e8re puls\u00e9e permet de r\u00e9aliser diff\u00e9rents traitements esth\u00e9tiques, dont le photorajeunissement. Pratiqu\u00e9s dans un centre esth\u00e9tique, ces soins sont prodigu\u00e9s par des \u00e9quipements high-tech et ultra-performants. Pour obtenir un effet significatif, il est recommand\u00e9 d\u2019effectuer plusieurs s\u00e9ances, puis un entretien annuel. Le photorajeunissement redonne ainsi un coup d\u2019\u00e9clat et la peau du visage retrouve toute sa fermet\u00e9.<\/p><\/div><\/div><\/div><\/div>                                            <\/div>\n                                        <\/div>\n                                    <\/div>\n\t\t\t\t\t\t\t\t\t                        <\/div>\n\n                    <\/div>\n                <\/div>\n\t\t\t\t                <div  class=\"wppb-row-parent  wppb-row-1699024474895 \"  >\n\t\t\t\t\t\n\t\t\t\t\t\t\t\t\t\t\n\t\t\t\t\t\t\t\t\t\t\n\t\t\t\t\t<div class=\"wppb-container \">\n\t\t\t\t\t\t\t\t\t\t\t\t\t\n                        <div class=\"wppb-row\">\n\t\t\t\t\t\t\t                                    <div  class=\"wppb-column-parent wppb-column-parent-view wppb-col-1699024474896  \"  >\n                                        <div class=\"wppb-column\">\n\t\t\t\t\t\n\t\t\t\t\t\t\t\t\t\t\t\n                                            <div class=\"wppb-builder-addons\">\n\t\t\t\t\t\t\t\t\t\t\t\t<div class='wppb-builder-addon wppb-addon-1699024474897 title-bgrose'  data-addon-id='1699024474897'><div class='wppb-addon'><div class=\"wppb-headline-addon\"><div class=\"wppb-headline-content\"><h2 class=\"wppb-addon-title\">Comment se d\u00e9roule une s\u00e9ance de photorajeunissement ?\n<\/h2><\/div><\/div><\/div><\/div>                                            <\/div>\n                                        <\/div>\n                                    <\/div>\n\t\t\t\t\t\t\t\t\t                        <\/div>\n\n                    <\/div>\n                <\/div>\n\t\t\t\t                <div  class=\"wppb-row-parent  wppb-row-1699024474898 \"  >\n\t\t\t\t\t\n\t\t\t\t\t\t\t\t\t\t\n\t\t\t\t\t\t\t\t\t\t\n\t\t\t\t\t<div class=\"wppb-container \">\n\t\t\t\t\t\t\t\t\t\t\t\t\t\n                        <div class=\"wppb-row\">\n\t\t\t\t\t\t\t                                    <div  class=\"wppb-column-parent wppb-column-parent-view wppb-col-1699024474899  \"  >\n                                        <div class=\"wppb-column\">\n\t\t\t\t\t\n\t\t\t\t\t\t\t\t\t\t\t\n                                            <div class=\"wppb-builder-addons\">\n\t\t\t\t\t\t\t\t\t\t\t\t<div class='wppb-builder-addon wppb-addon-1699024474900'  data-addon-id='1699024474900'><div class='wppb-addon'><div class=\"wppb-text-block-addon\"><div class=\"wppb-text-block-content 0\"><p>Dans un premier temps, le praticien effectue une\u00a0<strong>expertise de la peau<\/strong>\u00a0par le biais d\u2019un\u00a0<a href=\"https:\/\/www.beauty-tech.fr\/outils-de-diagnostic-de-peau-50\">appareil de diagnostic de peau professionnel<\/a>. Cette cartographie permet de visualiser en profondeur l\u2019aspect actuel de la peau. Le m\u00e9decin proc\u00e8de ensuite au\u00a0<strong>nettoyage et \u00e0 l\u2019application d\u2019un gel<\/strong>\u00a0sur la zone \u00e0 traiter. Il veille \u00e9galement \u00e0\u00a0<strong>prot\u00e9ger les yeux avec des lunettes<\/strong>\u00a0sp\u00e9cifiques. Le traitement est r\u00e9alis\u00e9 par une pi\u00e8ce \u00e0 main qui passe sur les zones cibl\u00e9es en \u00e9mettant un flash lumineux. Une s\u00e9ance dure en moyenne 30 minutes.<\/p><\/div><\/div><\/div><\/div>                                            <\/div>\n                                        <\/div>\n                                    <\/div>\n\t\t\t\t\t\t\t\t\t                        <\/div>\n\n                    <\/div>\n                <\/div>\n\t\t\t\t                <div  class=\"wppb-row-parent  wppb-row-1699024681689 \"  >\n\t\t\t\t\t\n\t\t\t\t\t\t\t\t\t\t\n\t\t\t\t\t\t\t\t\t\t\n\t\t\t\t\t<div class=\"wppb-container \">\n\t\t\t\t\t\t\t\t\t\t\t\t\t\n                        <div class=\"wppb-row\">\n\t\t\t\t\t\t\t                                    <div  class=\"wppb-column-parent wppb-column-parent-view wppb-col-1699024681690  \"  >\n                                        <div class=\"wppb-column\">\n\t\t\t\t\t\n\t\t\t\t\t\t\t\t\t\t\t\n                                            <div class=\"wppb-builder-addons\">\n\t\t\t\t\t\t\t\t\t\t\t\t<div class='wppb-builder-addon wppb-addon-1699024681691 title-bgrose'  data-addon-id='1699024681691'><div class='wppb-addon'><div class=\"wppb-headline-addon\"><div class=\"wppb-headline-content\"><h2 class=\"wppb-addon-title\">Combien de s\u00e9ances sont n\u00e9cessaires pour un photorajeunissement efficace ?\n<\/h2><\/div><\/div><\/div><\/div>                                            <\/div>\n                                        <\/div>\n                                    <\/div>\n\t\t\t\t\t\t\t\t\t                        <\/div>\n\n                    <\/div>\n                <\/div>\n\t\t\t\t                <div  class=\"wppb-row-parent  wppb-row-1699024681692 \"  >\n\t\t\t\t\t\n\t\t\t\t\t\t\t\t\t\t\n\t\t\t\t\t\t\t\t\t\t\n\t\t\t\t\t<div class=\"wppb-container \">\n\t\t\t\t\t\t\t\t\t\t\t\t\t\n                        <div class=\"wppb-row\">\n\t\t\t\t\t\t\t                                    <div  class=\"wppb-column-parent wppb-column-parent-view wppb-col-1699024681693  \"  >\n                                        <div class=\"wppb-column\">\n\t\t\t\t\t\n\t\t\t\t\t\t\t\t\t\t\t\n                                            <div class=\"wppb-builder-addons\">\n\t\t\t\t\t\t\t\t\t\t\t\t<div class='wppb-builder-addon wppb-addon-1699024681694'  data-addon-id='1699024681694'><div class='wppb-addon'><div class=\"wppb-text-block-addon\"><div class=\"wppb-text-block-content 0\"><p>Le photorajeunissement est une technique qui requiert un temps de r\u00e9cup\u00e9ration du collag\u00e8ne dans le derme. Selon les effets souhait\u00e9s et le type de technologie utilis\u00e9,<\/p><p><strong>3 \u00e0 5 s\u00e9ances espac\u00e9es de 2 \u00e0 3 semaines<\/strong>\u00a0seront n\u00e9cessaires pour une efficacit\u00e9 optimale.<\/p><\/div><\/div><\/div><\/div>                                            <\/div>\n                                        <\/div>\n                                    <\/div>\n\t\t\t\t\t\t\t\t\t                        <\/div>\n\n                    <\/div>\n                <\/div>\n\t\t\t\t                <div  class=\"wppb-row-parent  wppb-row-1699024681695 \"  >\n\t\t\t\t\t\n\t\t\t\t\t\t\t\t\t\t\n\t\t\t\t\t\t\t\t\t\t\n\t\t\t\t\t<div class=\"wppb-container \">\n\t\t\t\t\t\t\t\t\t\t\t\t\t\n                        <div class=\"wppb-row\">\n\t\t\t\t\t\t\t                                    <div  class=\"wppb-column-parent wppb-column-parent-view wppb-col-1699024681696  \"  >\n                                        <div class=\"wppb-column\">\n\t\t\t\t\t\n\t\t\t\t\t\t\t\t\t\t\t\n                                            <div class=\"wppb-builder-addons\">\n\t\t\t\t\t\t\t\t\t\t\t\t<div class='wppb-builder-addon wppb-addon-1699024681697 title-bgrose'  data-addon-id='1699024681697'><div class='wppb-addon'><div class=\"wppb-headline-addon\"><div class=\"wppb-headline-content\"><h2 class=\"wppb-addon-title\">Quelles sont les contre-indications au photorajeunissement ?\n<\/h2><\/div><\/div><\/div><\/div>                                            <\/div>\n                                        <\/div>\n                                    <\/div>\n\t\t\t\t\t\t\t\t\t                        <\/div>\n\n                    <\/div>\n                <\/div>\n\t\t\t\t                <div  class=\"wppb-row-parent  wppb-row-1699024681698 \"  >\n\t\t\t\t\t\n\t\t\t\t\t\t\t\t\t\t\n\t\t\t\t\t\t\t\t\t\t\n\t\t\t\t\t<div class=\"wppb-container \">\n\t\t\t\t\t\t\t\t\t\t\t\t\t\n                        <div class=\"wppb-row\">\n\t\t\t\t\t\t\t                                    <div  class=\"wppb-column-parent wppb-column-parent-view wppb-col-1699024681699  \"  >\n                                        <div class=\"wppb-column\">\n\t\t\t\t\t\n\t\t\t\t\t\t\t\t\t\t\t\n                                            <div class=\"wppb-builder-addons\">\n\t\t\t\t\t\t\t\t\t\t\t\t<div class='wppb-builder-addon wppb-addon-1699024681700'  data-addon-id='1699024681700'><div class='wppb-addon'><div class=\"wppb-text-block-addon\"><div class=\"wppb-text-block-content 0\"><p>Par principe de pr\u00e9caution, il est recommand\u00e9 d\u2019\u00e9changer avec votre dermatologue avant le soin clinique car il existe quelques contre-indications au photorajeunissement\u00a0:<\/p><ul><li>peau bronz\u00e9e (exposition solaire, cabine \u00e0 UV, autobronzant) ;<\/li><li>peau tr\u00e8s fonc\u00e9e \u00e0 noire (phototype 5 \u00e0 6) ;<\/li><li>pacemaker ;<\/li><li>infection cutan\u00e9e ou bact\u00e9rienne ;<\/li><li>pr\u00e9sence d\u2019un m\u00e9lanome sur la zone \u00e0 traiter ;<\/li><li>grossesse et allaitement ;<\/li><li>traitement anticoagulant et m\u00e9dicaments photosensibilisants.<\/li><\/ul><\/div><\/div><\/div><\/div>                                            <\/div>\n                                        <\/div>\n                                    <\/div>\n\t\t\t\t\t\t\t\t\t                        <\/div>\n\n                    <\/div>\n                <\/div>\n\t\t\t\t                <div  class=\"wppb-row-parent  wppb-row-1699024681743 \"  >\n\t\t\t\t\t\n\t\t\t\t\t\t\t\t\t\t\n\t\t\t\t\t\t\t\t\t\t\n\t\t\t\t\t<div class=\"wppb-container \">\n\t\t\t\t\t\t\t\t\t\t\t\t\t\n                        <div class=\"wppb-row\">\n\t\t\t\t\t\t\t                                    <div  class=\"wppb-column-parent wppb-column-parent-view wppb-col-1699024681744  \"  >\n                                        <div class=\"wppb-column\">\n\t\t\t\t\t\n\t\t\t\t\t\t\t\t\t\t\t\n                                            <div class=\"wppb-builder-addons\">\n\t\t\t\t\t\t\t\t\t\t\t\t<div class='wppb-builder-addon wppb-addon-1699024681745 title-bgrose'  data-addon-id='1699024681745'><div class='wppb-addon'><div class=\"wppb-headline-addon\"><div class=\"wppb-headline-content\"><h2 class=\"wppb-addon-title\">Quel est le prix d\u2019une s\u00e9ance de photorajeunissement ?\n<\/h2><\/div><\/div><\/div><\/div>                                            <\/div>\n                                        <\/div>\n                                    <\/div>\n\t\t\t\t\t\t\t\t\t                        <\/div>\n\n                    <\/div>\n                <\/div>\n\t\t\t\t                <div  class=\"wppb-row-parent  wppb-row-1699024681704 \"  >\n\t\t\t\t\t\n\t\t\t\t\t\t\t\t\t\t\n\t\t\t\t\t\t\t\t\t\t\n\t\t\t\t\t<div class=\"wppb-container \">\n\t\t\t\t\t\t\t\t\t\t\t\t\t\n                        <div class=\"wppb-row\">\n\t\t\t\t\t\t\t                                    <div  class=\"wppb-column-parent wppb-column-parent-view wppb-col-1699024681705  \"  >\n                                        <div class=\"wppb-column\">\n\t\t\t\t\t\n\t\t\t\t\t\t\t\t\t\t\t\n                                            <div class=\"wppb-builder-addons\">\n\t\t\t\t\t\t\t\t\t\t\t\t<div class='wppb-builder-addon wppb-addon-1699024681706'  data-addon-id='1699024681706'><div class='wppb-addon'><div class=\"wppb-text-block-addon\"><div class=\"wppb-text-block-content 0\"><p>Les tarifs d\u2019une s\u00e9ance de photorajeunissement d\u00e9pendent de la zone trait\u00e9e, de la technologie utilis\u00e9e et de la r\u00e9putation de l\u2019institut. En g\u00e9n\u00e9ral,\u00a0<strong>il faut compter entre 150 et 250 euros la s\u00e9ance<\/strong>.<\/p><\/div><\/div><\/div><\/div>                                            <\/div>\n                                        <\/div>\n                                    <\/div>\n\t\t\t\t\t\t\t\t\t                        <\/div>\n\n                    <\/div>\n                <\/div>\n\t\t\t\t<\/div>","protected":false},"excerpt":{"rendered":"<p>Qu\u2019est-ce que le photorajeunissement ? Le photorajeunissement est un traitement utilis\u00e9 en m\u00e9decine esth\u00e9tique dans le but d\u2019am\u00e9liorer l\u2019\u00e9lasticit\u00e9 et la texture de la peau. V\u00e9ritable\u00a0soin anti-\u00e2ge, on vous explique ici comment fonctionne le photorajeunissement : il s\u2019agit d\u2019une\u00a0technique non invasive\u00a0qui passe par l\u2019absorption d\u2019un rayonnement lumineux. Celui-ci est ensuite transform\u00e9 en chaleur et cible [&hellip;]<\/p>\n","protected":false},"author":2,"featured_media":389,"comment_status":"open","ping_status":"open","sticky":false,"template":"","format":"standard","meta":{"footnotes":""},"categories":[10],"tags":[],"class_list":["post-374","post","type-post","status-publish","format-standard","has-post-thumbnail","hentry","category-technologies"],"yoast_head":"<!-- This site is optimized with the Yoast SEO plugin v27.1.1 - https:\/\/yoast.com\/product\/yoast-seo-wordpress\/ -->\n<title>Photorajeunissement : comment rajeunir par la lumi\u00e8re ? - Blog Beauty-Tech<\/title>\n<meta name=\"description\" content=\"Explorez le photorajeunissement: une technique anti-\u00e2ge non invasive am\u00e9liorant l&#039;\u00e9lasticit\u00e9 et la texture de la peau gr\u00e2ce \u00e0 la lumi\u00e8re!\" \/>\n<meta name=\"robots\" content=\"index, follow, max-snippet:-1, max-image-preview:large, max-video-preview:-1\" \/>\n<link rel=\"canonical\" href=\"https:\/\/www.beauty-tech.fr\/blog\/tout-savoir-photorajeunissement\/\" \/>\n<meta property=\"og:locale\" content=\"fr_FR\" \/>\n<meta property=\"og:type\" content=\"article\" \/>\n<meta property=\"og:title\" content=\"Photorajeunissement : comment rajeunir par la lumi\u00e8re ? - Blog Beauty-Tech\" \/>\n<meta property=\"og:description\" content=\"Explorez le photorajeunissement: une technique anti-\u00e2ge non invasive am\u00e9liorant l&#039;\u00e9lasticit\u00e9 et la texture de la peau gr\u00e2ce \u00e0 la lumi\u00e8re!\" \/>\n<meta property=\"og:url\" content=\"https:\/\/www.beauty-tech.fr\/blog\/tout-savoir-photorajeunissement\/\" \/>\n<meta property=\"og:site_name\" content=\"Blog Beauty-Tech\" \/>\n<meta property=\"article:published_time\" content=\"2023-12-21T16:59:27+00:00\" \/>\n<meta property=\"article:modified_time\" content=\"2023-12-22T08:05:57+00:00\" \/>\n<meta property=\"og:image\" content=\"https:\/\/www.beauty-tech.fr\/blog\/wp-content\/uploads\/2023\/12\/Quest-ce-que-le-photorajeunissement-Article-par-Beauty-Tech.jpg\" \/>\n\t<meta property=\"og:image:width\" content=\"2560\" \/>\n\t<meta property=\"og:image:height\" content=\"1707\" \/>\n\t<meta property=\"og:image:type\" content=\"image\/jpeg\" \/>\n<meta name=\"author\" content=\"Camille MAIQUEZ\" \/>\n<meta name=\"twitter:card\" content=\"summary_large_image\" \/>\n<meta name=\"twitter:label1\" content=\"\u00c9crit par\" \/>\n\t<meta name=\"twitter:data1\" content=\"Camille MAIQUEZ\" \/>\n<script type=\"application\/ld+json\" class=\"yoast-schema-graph\">{\"@context\":\"https:\/\/schema.org\",\"@graph\":[{\"@type\":\"Article\",\"@id\":\"https:\/\/www.beauty-tech.fr\/blog\/tout-savoir-photorajeunissement\/#article\",\"isPartOf\":{\"@id\":\"https:\/\/www.beauty-tech.fr\/blog\/tout-savoir-photorajeunissement\/\"},\"author\":{\"name\":\"Camille MAIQUEZ\",\"@id\":\"https:\/\/www.beauty-tech.fr\/blog\/#\/schema\/person\/45e158df2d7b8474bb54f6b19f67d7fc\"},\"headline\":\"Tout savoir sur le photorajeunissement\",\"datePublished\":\"2023-12-21T16:59:27+00:00\",\"dateModified\":\"2023-12-22T08:05:57+00:00\",\"mainEntityOfPage\":{\"@id\":\"https:\/\/www.beauty-tech.fr\/blog\/tout-savoir-photorajeunissement\/\"},\"wordCount\":5,\"commentCount\":0,\"image\":{\"@id\":\"https:\/\/www.beauty-tech.fr\/blog\/tout-savoir-photorajeunissement\/#primaryimage\"},\"thumbnailUrl\":\"https:\/\/www.beauty-tech.fr\/blog\/wp-content\/uploads\/2023\/12\/Quest-ce-que-le-photorajeunissement-Article-par-Beauty-Tech.jpg\",\"articleSection\":[\"Technologies\"],\"inLanguage\":\"fr-FR\",\"potentialAction\":[{\"@type\":\"CommentAction\",\"name\":\"Comment\",\"target\":[\"https:\/\/www.beauty-tech.fr\/blog\/tout-savoir-photorajeunissement\/#respond\"]}]},{\"@type\":\"WebPage\",\"@id\":\"https:\/\/www.beauty-tech.fr\/blog\/tout-savoir-photorajeunissement\/\",\"url\":\"https:\/\/www.beauty-tech.fr\/blog\/tout-savoir-photorajeunissement\/\",\"name\":\"Photorajeunissement : comment rajeunir par la lumi\u00e8re ? - Blog Beauty-Tech\",\"isPartOf\":{\"@id\":\"https:\/\/www.beauty-tech.fr\/blog\/#website\"},\"primaryImageOfPage\":{\"@id\":\"https:\/\/www.beauty-tech.fr\/blog\/tout-savoir-photorajeunissement\/#primaryimage\"},\"image\":{\"@id\":\"https:\/\/www.beauty-tech.fr\/blog\/tout-savoir-photorajeunissement\/#primaryimage\"},\"thumbnailUrl\":\"https:\/\/www.beauty-tech.fr\/blog\/wp-content\/uploads\/2023\/12\/Quest-ce-que-le-photorajeunissement-Article-par-Beauty-Tech.jpg\",\"datePublished\":\"2023-12-21T16:59:27+00:00\",\"dateModified\":\"2023-12-22T08:05:57+00:00\",\"author\":{\"@id\":\"https:\/\/www.beauty-tech.fr\/blog\/#\/schema\/person\/45e158df2d7b8474bb54f6b19f67d7fc\"},\"description\":\"Explorez le photorajeunissement: une technique anti-\u00e2ge non invasive am\u00e9liorant l'\u00e9lasticit\u00e9 et la texture de la peau gr\u00e2ce \u00e0 la lumi\u00e8re!\",\"breadcrumb\":{\"@id\":\"https:\/\/www.beauty-tech.fr\/blog\/tout-savoir-photorajeunissement\/#breadcrumb\"},\"inLanguage\":\"fr-FR\",\"potentialAction\":[{\"@type\":\"ReadAction\",\"target\":[\"https:\/\/www.beauty-tech.fr\/blog\/tout-savoir-photorajeunissement\/\"]}]},{\"@type\":\"ImageObject\",\"inLanguage\":\"fr-FR\",\"@id\":\"https:\/\/www.beauty-tech.fr\/blog\/tout-savoir-photorajeunissement\/#primaryimage\",\"url\":\"https:\/\/www.beauty-tech.fr\/blog\/wp-content\/uploads\/2023\/12\/Quest-ce-que-le-photorajeunissement-Article-par-Beauty-Tech.jpg\",\"contentUrl\":\"https:\/\/www.beauty-tech.fr\/blog\/wp-content\/uploads\/2023\/12\/Quest-ce-que-le-photorajeunissement-Article-par-Beauty-Tech.jpg\",\"width\":2560,\"height\":1707,\"caption\":\"Qu'est-ce que le photorajeunissement - Article par Beauty Tech\"},{\"@type\":\"BreadcrumbList\",\"@id\":\"https:\/\/www.beauty-tech.fr\/blog\/tout-savoir-photorajeunissement\/#breadcrumb\",\"itemListElement\":[{\"@type\":\"ListItem\",\"position\":1,\"name\":\"Home\",\"item\":\"https:\/\/www.beauty-tech.fr\/blog\/\"},{\"@type\":\"ListItem\",\"position\":2,\"name\":\"Tout savoir sur le photorajeunissement\"}]},{\"@type\":\"WebSite\",\"@id\":\"https:\/\/www.beauty-tech.fr\/blog\/#website\",\"url\":\"https:\/\/www.beauty-tech.fr\/blog\/\",\"name\":\"Blog Beauty-Tech\",\"description\":\"Fabricant, Concepteur, Marques\",\"potentialAction\":[{\"@type\":\"SearchAction\",\"target\":{\"@type\":\"EntryPoint\",\"urlTemplate\":\"https:\/\/www.beauty-tech.fr\/blog\/?s={search_term_string}\"},\"query-input\":{\"@type\":\"PropertyValueSpecification\",\"valueRequired\":true,\"valueName\":\"search_term_string\"}}],\"inLanguage\":\"fr-FR\"},{\"@type\":\"Person\",\"@id\":\"https:\/\/www.beauty-tech.fr\/blog\/#\/schema\/person\/45e158df2d7b8474bb54f6b19f67d7fc\",\"name\":\"Camille MAIQUEZ\",\"image\":{\"@type\":\"ImageObject\",\"inLanguage\":\"fr-FR\",\"@id\":\"https:\/\/www.beauty-tech.fr\/blog\/#\/schema\/person\/image\/\",\"url\":\"https:\/\/secure.gravatar.com\/avatar\/5063041991176f73e2870ee11276dcf4ecdf0834bdbb38e140599f0f45f321ad?s=96&d=mm&r=g\",\"contentUrl\":\"https:\/\/secure.gravatar.com\/avatar\/5063041991176f73e2870ee11276dcf4ecdf0834bdbb38e140599f0f45f321ad?s=96&d=mm&r=g\",\"caption\":\"Camille MAIQUEZ\"}}]}<\/script>\n<!-- \/ Yoast SEO plugin. -->","yoast_head_json":{"title":"Photorajeunissement : comment rajeunir par la lumi\u00e8re ? - Blog Beauty-Tech","description":"Explorez le photorajeunissement: une technique anti-\u00e2ge non invasive am\u00e9liorant l'\u00e9lasticit\u00e9 et la texture de la peau gr\u00e2ce \u00e0 la lumi\u00e8re!","robots":{"index":"index","follow":"follow","max-snippet":"max-snippet:-1","max-image-preview":"max-image-preview:large","max-video-preview":"max-video-preview:-1"},"canonical":"https:\/\/www.beauty-tech.fr\/blog\/tout-savoir-photorajeunissement\/","og_locale":"fr_FR","og_type":"article","og_title":"Photorajeunissement : comment rajeunir par la lumi\u00e8re ? - Blog Beauty-Tech","og_description":"Explorez le photorajeunissement: une technique anti-\u00e2ge non invasive am\u00e9liorant l'\u00e9lasticit\u00e9 et la texture de la peau gr\u00e2ce \u00e0 la lumi\u00e8re!","og_url":"https:\/\/www.beauty-tech.fr\/blog\/tout-savoir-photorajeunissement\/","og_site_name":"Blog Beauty-Tech","article_published_time":"2023-12-21T16:59:27+00:00","article_modified_time":"2023-12-22T08:05:57+00:00","og_image":[{"width":2560,"height":1707,"url":"https:\/\/www.beauty-tech.fr\/blog\/wp-content\/uploads\/2023\/12\/Quest-ce-que-le-photorajeunissement-Article-par-Beauty-Tech.jpg","type":"image\/jpeg"}],"author":"Camille MAIQUEZ","twitter_card":"summary_large_image","twitter_misc":{"\u00c9crit par":"Camille MAIQUEZ"},"schema":{"@context":"https:\/\/schema.org","@graph":[{"@type":"Article","@id":"https:\/\/www.beauty-tech.fr\/blog\/tout-savoir-photorajeunissement\/#article","isPartOf":{"@id":"https:\/\/www.beauty-tech.fr\/blog\/tout-savoir-photorajeunissement\/"},"author":{"name":"Camille MAIQUEZ","@id":"https:\/\/www.beauty-tech.fr\/blog\/#\/schema\/person\/45e158df2d7b8474bb54f6b19f67d7fc"},"headline":"Tout savoir sur le photorajeunissement","datePublished":"2023-12-21T16:59:27+00:00","dateModified":"2023-12-22T08:05:57+00:00","mainEntityOfPage":{"@id":"https:\/\/www.beauty-tech.fr\/blog\/tout-savoir-photorajeunissement\/"},"wordCount":5,"commentCount":0,"image":{"@id":"https:\/\/www.beauty-tech.fr\/blog\/tout-savoir-photorajeunissement\/#primaryimage"},"thumbnailUrl":"https:\/\/www.beauty-tech.fr\/blog\/wp-content\/uploads\/2023\/12\/Quest-ce-que-le-photorajeunissement-Article-par-Beauty-Tech.jpg","articleSection":["Technologies"],"inLanguage":"fr-FR","potentialAction":[{"@type":"CommentAction","name":"Comment","target":["https:\/\/www.beauty-tech.fr\/blog\/tout-savoir-photorajeunissement\/#respond"]}]},{"@type":"WebPage","@id":"https:\/\/www.beauty-tech.fr\/blog\/tout-savoir-photorajeunissement\/","url":"https:\/\/www.beauty-tech.fr\/blog\/tout-savoir-photorajeunissement\/","name":"Photorajeunissement : comment rajeunir par la lumi\u00e8re ? - Blog Beauty-Tech","isPartOf":{"@id":"https:\/\/www.beauty-tech.fr\/blog\/#website"},"primaryImageOfPage":{"@id":"https:\/\/www.beauty-tech.fr\/blog\/tout-savoir-photorajeunissement\/#primaryimage"},"image":{"@id":"https:\/\/www.beauty-tech.fr\/blog\/tout-savoir-photorajeunissement\/#primaryimage"},"thumbnailUrl":"https:\/\/www.beauty-tech.fr\/blog\/wp-content\/uploads\/2023\/12\/Quest-ce-que-le-photorajeunissement-Article-par-Beauty-Tech.jpg","datePublished":"2023-12-21T16:59:27+00:00","dateModified":"2023-12-22T08:05:57+00:00","author":{"@id":"https:\/\/www.beauty-tech.fr\/blog\/#\/schema\/person\/45e158df2d7b8474bb54f6b19f67d7fc"},"description":"Explorez le photorajeunissement: une technique anti-\u00e2ge non invasive am\u00e9liorant l'\u00e9lasticit\u00e9 et la texture de la peau gr\u00e2ce \u00e0 la lumi\u00e8re!","breadcrumb":{"@id":"https:\/\/www.beauty-tech.fr\/blog\/tout-savoir-photorajeunissement\/#breadcrumb"},"inLanguage":"fr-FR","potentialAction":[{"@type":"ReadAction","target":["https:\/\/www.beauty-tech.fr\/blog\/tout-savoir-photorajeunissement\/"]}]},{"@type":"ImageObject","inLanguage":"fr-FR","@id":"https:\/\/www.beauty-tech.fr\/blog\/tout-savoir-photorajeunissement\/#primaryimage","url":"https:\/\/www.beauty-tech.fr\/blog\/wp-content\/uploads\/2023\/12\/Quest-ce-que-le-photorajeunissement-Article-par-Beauty-Tech.jpg","contentUrl":"https:\/\/www.beauty-tech.fr\/blog\/wp-content\/uploads\/2023\/12\/Quest-ce-que-le-photorajeunissement-Article-par-Beauty-Tech.jpg","width":2560,"height":1707,"caption":"Qu'est-ce que le photorajeunissement - Article par Beauty Tech"},{"@type":"BreadcrumbList","@id":"https:\/\/www.beauty-tech.fr\/blog\/tout-savoir-photorajeunissement\/#breadcrumb","itemListElement":[{"@type":"ListItem","position":1,"name":"Home","item":"https:\/\/www.beauty-tech.fr\/blog\/"},{"@type":"ListItem","position":2,"name":"Tout savoir sur le photorajeunissement"}]},{"@type":"WebSite","@id":"https:\/\/www.beauty-tech.fr\/blog\/#website","url":"https:\/\/www.beauty-tech.fr\/blog\/","name":"Blog Beauty-Tech","description":"Fabricant, Concepteur, Marques","potentialAction":[{"@type":"SearchAction","target":{"@type":"EntryPoint","urlTemplate":"https:\/\/www.beauty-tech.fr\/blog\/?s={search_term_string}"},"query-input":{"@type":"PropertyValueSpecification","valueRequired":true,"valueName":"search_term_string"}}],"inLanguage":"fr-FR"},{"@type":"Person","@id":"https:\/\/www.beauty-tech.fr\/blog\/#\/schema\/person\/45e158df2d7b8474bb54f6b19f67d7fc","name":"Camille MAIQUEZ","image":{"@type":"ImageObject","inLanguage":"fr-FR","@id":"https:\/\/www.beauty-tech.fr\/blog\/#\/schema\/person\/image\/","url":"https:\/\/secure.gravatar.com\/avatar\/5063041991176f73e2870ee11276dcf4ecdf0834bdbb38e140599f0f45f321ad?s=96&d=mm&r=g","contentUrl":"https:\/\/secure.gravatar.com\/avatar\/5063041991176f73e2870ee11276dcf4ecdf0834bdbb38e140599f0f45f321ad?s=96&d=mm&r=g","caption":"Camille MAIQUEZ"}}]}},"_links":{"self":[{"href":"https:\/\/www.beauty-tech.fr\/blog\/wp-json\/wp\/v2\/posts\/374","targetHints":{"allow":["GET"]}}],"collection":[{"href":"https:\/\/www.beauty-tech.fr\/blog\/wp-json\/wp\/v2\/posts"}],"about":[{"href":"https:\/\/www.beauty-tech.fr\/blog\/wp-json\/wp\/v2\/types\/post"}],"author":[{"embeddable":true,"href":"https:\/\/www.beauty-tech.fr\/blog\/wp-json\/wp\/v2\/users\/2"}],"replies":[{"embeddable":true,"href":"https:\/\/www.beauty-tech.fr\/blog\/wp-json\/wp\/v2\/comments?post=374"}],"version-history":[{"count":1,"href":"https:\/\/www.beauty-tech.fr\/blog\/wp-json\/wp\/v2\/posts\/374\/revisions"}],"predecessor-version":[{"id":375,"href":"https:\/\/www.beauty-tech.fr\/blog\/wp-json\/wp\/v2\/posts\/374\/revisions\/375"}],"wp:featuredmedia":[{"embeddable":true,"href":"https:\/\/www.beauty-tech.fr\/blog\/wp-json\/wp\/v2\/media\/389"}],"wp:attachment":[{"href":"https:\/\/www.beauty-tech.fr\/blog\/wp-json\/wp\/v2\/media?parent=374"}],"wp:term":[{"taxonomy":"category","embeddable":true,"href":"https:\/\/www.beauty-tech.fr\/blog\/wp-json\/wp\/v2\/categories?post=374"},{"taxonomy":"post_tag","embeddable":true,"href":"https:\/\/www.beauty-tech.fr\/blog\/wp-json\/wp\/v2\/tags?post=374"}],"curies":[{"name":"wp","href":"https:\/\/api.w.org\/{rel}","templated":true}]}}